{"id":165,"date":"2022-06-14T13:29:08","date_gmt":"2022-06-14T13:29:08","guid":{"rendered":"https:\/\/recci.erasmus.site\/?p=165"},"modified":"2022-10-01T11:25:52","modified_gmt":"2022-10-01T11:25:52","slug":"cooperation-in-the-cultural-and-creative-industries-sector","status":"publish","type":"post","link":"https:\/\/recci.erasmus.site\/fr\/2022\/06\/14\/cooperation-in-the-cultural-and-creative-industries-sector\/","title":{"rendered":"La coop\u00e9ration dans le secteur des industries culturelles et cr\u00e9atives"},"content":{"rendered":"<p>La crise pand\u00e9mique a mis en \u00e9vidence l&rsquo;importance de la coop\u00e9ration dans notre soci\u00e9t\u00e9. Nous avons observ\u00e9 de nombreuses initiatives de solidarit\u00e9 soutenues par les citoyens : rompre l&rsquo;isolement des personnes \u00e2g\u00e9es, s&rsquo;occuper des enfants des soignants, ou encore distribuer des aliments aux plus vuln\u00e9rables. Autant d&rsquo;exemples qui illustrent la n\u00e9cessit\u00e9 de coop\u00e9rer et d&rsquo;apprendre \u00e0 coop\u00e9rer.<br \/>\n\u00c9tymologiquement, \u00ab\u00a0coop\u00e9rer\u00a0\u00bb signifie \u00ab\u00a0faire travailler\u00a0\u00bb[1], dans ce sens le Manuel de la Coop\u00e9ration explique qu&rsquo;agir peut \u00eatre consid\u00e9r\u00e9 comme travailler ensemble. L&rsquo;action commune peut \u00eatre comprise comme une \u0153uvre collective ; la coop\u00e9ration peut donc \u00eatre comprise comme un processus cr\u00e9atif. La coop\u00e9ration est avant tout un d\u00e9sir de penser, d&rsquo;apprendre et de faire avec les autres. Une question se pose presque naturellement : comment coop\u00e9rer quand on vit dans une soci\u00e9t\u00e9 bas\u00e9e sur la comp\u00e9tition ? La comp\u00e9tition a \u00e9t\u00e9 plac\u00e9e au c\u0153ur de notre fonctionnement et de notre apprentissage, depuis notre enfance.<br \/>\nPour la plupart d&rsquo;entre nous, la coop\u00e9ration est difficile, elle n\u00e9cessite de se faire confiance et de faire confiance \u00e0 l&rsquo;autre. Cependant, lorsque les temps deviennent difficiles, (crise sanitaire, crise \u00e9conomique, crise sociale etc.), coop\u00e9rer devient presque une \u00e9vidence lorsque nous manquons de ressources. Le secteur des industries culturelles et cr\u00e9atives illustre bien notre propos, de nombreuses coop\u00e9rations entre acteurs des ICC ont \u00e9t\u00e9 mises en place. De plus, l&rsquo;Union europ\u00e9enne tente de stimuler les dynamiques de coop\u00e9ration en proposant de nombreux outils aux acteurs des ICC, comme le Programme Europe Cr\u00e9ative, qui vise \u00e0 promouvoir la diversit\u00e9 culturelle et la comp\u00e9titivit\u00e9 du secteur des ICC. Le programme vise \u00e0 soutenir des projets de coop\u00e9ration annuels ou pluriannuels entre acteurs europ\u00e9ens ou la structuration de r\u00e9seaux europ\u00e9ens sectoriels ou intersectoriels.<br \/>\nNous pouvons citer Reset ! comme exemple de projet du programme Europe Cr\u00e9ative. Ce projet est un nouveau r\u00e9seau europ\u00e9en qui rassemble des acteurs ind\u00e9pendants de la culture et des m\u00e9dias. Reset ! vise \u00e0 mettre en lumi\u00e8re la situation fragile et les besoins sp\u00e9cifiques de ces acteurs ind\u00e9pendants, qui ne sont ni sous le contr\u00f4le d&rsquo;une autorit\u00e9 publique ni affili\u00e9s \u00e0 de grands groupes priv\u00e9s. L&rsquo;objectif du r\u00e9seau est de travailler ensemble pour redessiner (reset) le paysage culturel et m\u00e9diatique en Europe autour des valeurs partag\u00e9es de pluralisme, de diversit\u00e9, d&rsquo;\u00e9galit\u00e9 et de durabilit\u00e9, dans une \u00e9conomie inclusive et circulaire.<br \/>\nReset ! f\u00e9d\u00e8re ces acteurs de la diversit\u00e9 et du pluralisme en Europe, tout en amplifiant leur visibilit\u00e9 et leur mise en r\u00e9seau \u00e0 travers une s\u00e9rie d&rsquo;actions en ligne et hors ligne. Fragment\u00e9 et isol\u00e9, le secteur a besoin d&rsquo;\u00eatre identifi\u00e9, soutenu et rassembl\u00e9 pour atteindre une masse critique et acc\u00e9der \u00e0 une reconnaissance et une visibilit\u00e9 transnationale.<br \/>\nReset ! est pleinement engag\u00e9 dans la cr\u00e9ation d&rsquo;un nouveau mod\u00e8le, bas\u00e9 sur la r\u00e9silience et le redressement du secteur culturel et cr\u00e9atif qui est et a \u00e9t\u00e9 particuli\u00e8rement touch\u00e9 par la derni\u00e8re crise. La remont\u00e9e d&rsquo;informations, de donn\u00e9es et de besoins de ces acteurs ind\u00e9pendants sera abord\u00e9e \u00e0 travers des enqu\u00eates, des reportages journalistiques, l&rsquo;intervention de chercheurs et d&rsquo;auteurs, ainsi que des ateliers d\u00e9centralis\u00e9s dans 16 pays qui nous permettront de proposer des programmes de soutien adapt\u00e9s pour renforcer la capacit\u00e9 de survie, d&rsquo;action et de coop\u00e9ration.<br \/>\n\u00ab\u00a0<\/p>","protected":false},"excerpt":{"rendered":"<p>La crise pand\u00e9mique a mis en \u00e9vidence l&rsquo;importance de la coop\u00e9ration dans notre soci\u00e9t\u00e9. Nous avons observ\u00e9 de nombreuses initiatives de solidarit\u00e9 soutenues par les citoyens : rompre l&rsquo;isolement des personnes \u00e2g\u00e9es, s&rsquo;occuper des enfants des soignants, ou encore distribuer des aliments aux plus vuln\u00e9rables. Autant d&rsquo;exemples qui illustrent la n\u00e9cessit\u00e9 de coop\u00e9rer et d&rsquo;apprendre&hellip;&nbsp;<a href=\"https:\/\/recci.erasmus.site\/fr\/2022\/06\/14\/cooperation-in-the-cultural-and-creative-industries-sector\/\" rel=\"bookmark\">Lire la suite &raquo;<span class=\"screen-reader-text\">La coop\u00e9ration dans le secteur des industries culturelles et cr\u00e9atives<\/span><\/a><\/p>\n","protected":false},"author":1,"featured_media":166,"comment_status":"closed","ping_status":"closed","sticky":false,"template":"","format":"standard","meta":{"neve_meta_sidebar":"","neve_meta_container":"","neve_meta_enable_content_width":"off","neve_meta_content_width":70,"neve_meta_title_alignment":"","neve_meta_author_avatar":"","neve_post_elements_order":"","neve_meta_disable_header":"","neve_meta_disable_footer":"","neve_meta_disable_title":"","footnotes":""},"categories":[1],"tags":[],"class_list":["post-165","post","type-post","status-publish","format-standard","has-post-thumbnail","hentry","category-news"],"_links":{"self":[{"href":"https:\/\/recci.erasmus.site\/fr\/wp-json\/wp\/v2\/posts\/165","targetHints":{"allow":["GET"]}}],"collection":[{"href":"https:\/\/recci.erasmus.site\/fr\/wp-json\/wp\/v2\/posts"}],"about":[{"href":"https:\/\/recci.erasmus.site\/fr\/wp-json\/wp\/v2\/types\/post"}],"author":[{"embeddable":true,"href":"https:\/\/recci.erasmus.site\/fr\/wp-json\/wp\/v2\/users\/1"}],"replies":[{"embeddable":true,"href":"https:\/\/recci.erasmus.site\/fr\/wp-json\/wp\/v2\/comments?post=165"}],"version-history":[{"count":2,"href":"https:\/\/recci.erasmus.site\/fr\/wp-json\/wp\/v2\/posts\/165\/revisions"}],"predecessor-version":[{"id":230,"href":"https:\/\/recci.erasmus.site\/fr\/wp-json\/wp\/v2\/posts\/165\/revisions\/230"}],"wp:featuredmedia":[{"embeddable":true,"href":"https:\/\/recci.erasmus.site\/fr\/wp-json\/wp\/v2\/media\/166"}],"wp:attachment":[{"href":"https:\/\/recci.erasmus.site\/fr\/wp-json\/wp\/v2\/media?parent=165"}],"wp:term":[{"taxonomy":"category","embeddable":true,"href":"https:\/\/recci.erasmus.site\/fr\/wp-json\/wp\/v2\/categories?post=165"},{"taxonomy":"post_tag","embeddable":true,"href":"https:\/\/recci.erasmus.site\/fr\/wp-json\/wp\/v2\/tags?post=165"}],"curies":[{"name":"wp","href":"https:\/\/api.w.org\/{rel}","templated":true}]}}