{"id":165,"date":"2022-06-14T13:29:08","date_gmt":"2022-06-14T13:29:08","guid":{"rendered":"https:\/\/recci.erasmus.site\/?p=165"},"modified":"2022-10-01T11:25:52","modified_gmt":"2022-10-01T11:25:52","slug":"cooperation-in-the-cultural-and-creative-industries-sector","status":"publish","type":"post","link":"https:\/\/recci.erasmus.site\/ro\/2022\/06\/14\/cooperation-in-the-cultural-and-creative-industries-sector\/","title":{"rendered":"Cooperare \u00een sectorul industriilor culturale \u0219i creative"},"content":{"rendered":"<p>Criza pandemic\u0103 a eviden\u021biat importan\u021ba cooper\u0103rii \u00een societatea noastr\u0103. Am observat multe ini\u021biative de solidaritate sus\u021binute de cet\u0103\u021beni: eliminarea izol\u0103rii persoanelor \u00een v\u00e2rst\u0103, \u00eengrijirea copiilorsau distribuirea de alimente celor mai vulnerabili. At\u00e2tea exemple care ilustreaz\u0103 nevoia de a coopera \u0219i de a \u00eenv\u0103\u021ba s\u0103 cooper\u0103m.<br \/>\nEtimologic, \u201ea coopera\u201d \u00eenseamn\u0103 \u201ea face s\u0103 lucreze\u201d[1], \u00een acest sens Manualul de Cooperare explic\u0103 c\u0103 ac\u021bionarea ar putea fi considerat\u0103 ca lucrul \u00eempreun\u0103. Ac\u021biunea comun\u0103 ar putea fi \u00een\u021beleas\u0103 ca o lucrare colectiv\u0103; cooperarea ar putea fi, prin urmare, \u00een\u021beleas\u0103 ca un proces creativ. Cooperarea este \u00eenainte de toate o dorin\u021b\u0103 de a g\u00e2ndi, de a \u00eenv\u0103\u021ba \u0219i de a face cu ceilal\u021bi. O \u00eentrebare apare aproape firesc: cum s\u0103 cooper\u0103m atunci c\u00e2nd tr\u0103im \u00eentr-o societate bazat\u0103 pe competi\u021bie? Concuren\u021ba a fost pus\u0103 \u00een centrul func\u021bion\u0103rii \u0219i \u00eenv\u0103\u021b\u0103rii noastre, \u00eenc\u0103 din copil\u0103rie.<br \/>\nPentru majoritatea dintre noi, cooperarea este dificil\u0103, necesit\u0103 \u00eencredere \u00een noi \u0219i \u00een cel\u0103lalt. Cu toate acestea, c\u00e2nd vremurile devin dificile (criz\u0103 de s\u0103n\u0103tate, criz\u0103 economic\u0103, criz\u0103 social\u0103 etc.), cooperarea devine aproape evident\u0103 atunci c\u00e2nd ne lipsesc resursele. Sectorul industriilor culturale \u0219i creative ilustreaz\u0103 bine punctul nostru, multe cooper\u0103ri \u00eentre actorii CCI au fost implementate. \u00cen plus, Uniunea European\u0103 \u00eencearc\u0103 s\u0103 stimuleze dinamica cooper\u0103rii oferind numeroase instrumente actorilor ICC, precum Programul Europa Creativ\u0103, care are ca scop promovarea diversit\u0103\u021bii culturale \u0219i a competitivit\u0103\u021bii sectorului ICC. Programul \u00ee\u0219i propune s\u0103 sprijine proiecte anuale sau multianuale de cooperare \u00eentre actori europeni sau structurarea re\u021belei europene sectoriale sau intersectoriale.<br \/>\nPutem cita Reset!, ca exemplu de proiect Europa Creativ\u0103. Acest proiect este o nou\u0103 re\u021bea european\u0103 care reune\u0219te actori culturali \u0219i media independen\u021bi. Reseta\u021bi! \u00ee\u0219i propune s\u0103 eviden\u021bieze situa\u021bia fragil\u0103 \u0219i nevoile specifice ale acestor actori independen\u021bi, care nu se afl\u0103 nici sub controlul niciunei autorit\u0103\u021bi publice \u0219i nici afilia\u021bi unor mari grupuri private. Scopul re\u021belei este de a lucra \u00eempreun\u0103 pentru a reproiecta (reseteaz\u0103) peisajul cultural \u0219i media din Europa \u00een jurul valorilor comune de pluralism, diversitate, egalitate \u0219i durabilitate, \u00eentr-o economie incluziv\u0103 \u0219i circular\u0103.<br \/>\nReseta\u021bi! federa\u021bi ace\u0219ti actori ai diversit\u0103\u021bii \u0219i pluralismului \u00een Europa, amplific\u00e2ndu-le \u00een acela\u0219i timp vizibilitatea \u0219i crearea de re\u021bele printr-o serie de ac\u021biuni online \u0219i offline. Fragmentat \u0219i izolat, sectorul trebuie identificat, sprijinit \u0219i adunat pentru a atinge o mas\u0103 critic\u0103 \u0219i a avea acces la recunoa\u0219tere \u0219i vizibilitate transna\u021bional\u0103.<br \/>\nReseta\u021bi! se angajeaz\u0103 pe deplin s\u0103 creeze un nou model, bazat pe rezilien\u021ba \u0219i redresarea sectorului cultural \u0219i creativ care este \u0219i a fost afectat \u00een mod special de cea mai recent\u0103 criz\u0103. Feedback-ul de informa\u021bii, date \u0219i nevoi ale acestor actori independen\u021bi va fi abordat prin sondaje, materiale jurnalistice, interven\u021bia cercet\u0103torilor \u0219i autorilor, precum \u0219i ateliere descentralizate \u00een 16 \u021b\u0103ri care ne vor permite s\u0103 propunem programe de sprijin adaptate pentru a consolida capacitatea de supravie\u021buire, ac\u021biune \u0219i cooperare.<\/p>","protected":false},"excerpt":{"rendered":"<p>Criza pandemic\u0103 a eviden\u021biat importan\u021ba cooper\u0103rii \u00een societatea noastr\u0103. Am observat multe ini\u021biative de solidaritate sus\u021binute de cet\u0103\u021beni: eliminarea izol\u0103rii persoanelor \u00een v\u00e2rst\u0103, \u00eengrijirea copiilorsau distribuirea de alimente celor mai vulnerabili. At\u00e2tea exemple care ilustreaz\u0103 nevoia de a coopera \u0219i de a \u00eenv\u0103\u021ba s\u0103 cooper\u0103m. Etimologic, \u201ea coopera\u201d \u00eenseamn\u0103 \u201ea face s\u0103 lucreze\u201d[1], \u00een acest&hellip;&nbsp;<a href=\"https:\/\/recci.erasmus.site\/ro\/2022\/06\/14\/cooperation-in-the-cultural-and-creative-industries-sector\/\" rel=\"bookmark\">Cite\u0219te mai mult &raquo;<span class=\"screen-reader-text\">Cooperare \u00een sectorul industriilor culturale \u0219i creative<\/span><\/a><\/p>\n","protected":false},"author":1,"featured_media":166,"comment_status":"closed","ping_status":"closed","sticky":false,"template":"","format":"standard","meta":{"neve_meta_sidebar":"","neve_meta_container":"","neve_meta_enable_content_width":"off","neve_meta_content_width":70,"neve_meta_title_alignment":"","neve_meta_author_avatar":"","neve_post_elements_order":"","neve_meta_disable_header":"","neve_meta_disable_footer":"","neve_meta_disable_title":"","footnotes":""},"categories":[1],"tags":[],"class_list":["post-165","post","type-post","status-publish","format-standard","has-post-thumbnail","hentry","category-news"],"_links":{"self":[{"href":"https:\/\/recci.erasmus.site\/ro\/wp-json\/wp\/v2\/posts\/165","targetHints":{"allow":["GET"]}}],"collection":[{"href":"https:\/\/recci.erasmus.site\/ro\/wp-json\/wp\/v2\/posts"}],"about":[{"href":"https:\/\/recci.erasmus.site\/ro\/wp-json\/wp\/v2\/types\/post"}],"author":[{"embeddable":true,"href":"https:\/\/recci.erasmus.site\/ro\/wp-json\/wp\/v2\/users\/1"}],"replies":[{"embeddable":true,"href":"https:\/\/recci.erasmus.site\/ro\/wp-json\/wp\/v2\/comments?post=165"}],"version-history":[{"count":2,"href":"https:\/\/recci.erasmus.site\/ro\/wp-json\/wp\/v2\/posts\/165\/revisions"}],"predecessor-version":[{"id":230,"href":"https:\/\/recci.erasmus.site\/ro\/wp-json\/wp\/v2\/posts\/165\/revisions\/230"}],"wp:featuredmedia":[{"embeddable":true,"href":"https:\/\/recci.erasmus.site\/ro\/wp-json\/wp\/v2\/media\/166"}],"wp:attachment":[{"href":"https:\/\/recci.erasmus.site\/ro\/wp-json\/wp\/v2\/media?parent=165"}],"wp:term":[{"taxonomy":"category","embeddable":true,"href":"https:\/\/recci.erasmus.site\/ro\/wp-json\/wp\/v2\/categories?post=165"},{"taxonomy":"post_tag","embeddable":true,"href":"https:\/\/recci.erasmus.site\/ro\/wp-json\/wp\/v2\/tags?post=165"}],"curies":[{"name":"wp","href":"https:\/\/api.w.org\/{rel}","templated":true}]}}